{"id":574,"date":"2013-10-15T11:58:54","date_gmt":"2013-10-15T14:58:54","guid":{"rendered":"http:\/\/www.portalimoveiscuritiba.com.br\/blog\/?p=574"},"modified":"2013-10-15T11:58:54","modified_gmt":"2013-10-15T14:58:54","slug":"outubro-rosa-2013","status":"publish","type":"post","link":"https:\/\/portalimoveiscuritiba.com.br\/blog\/2013\/10\/outubro-rosa-2013\/","title":{"rendered":"Outubro Rosa 2013"},"content":{"rendered":"<p><strong>\u00a0Compartilhe com seus amigos e fam\u00edlia, esse evento merece aten\u00e7\u00e3o.<\/strong><\/p>\n<p>O nome remete \u00e0 cor do la\u00e7o rosa que simboliza, mundialmente, a luta contra o c\u00e2ncer de mama e estimula a participa\u00e7\u00e3o da popula\u00e7\u00e3o, empresas e entidades.<\/p>\n<p>Este movimento come\u00e7ou nos Estados Unidos, onde v\u00e1rios Estados tinham a\u00e7\u00f5es isoladas referente ao c\u00e2ncer de mama e ou mamografia no m\u00eas de outubro, posteriormente com a aprova\u00e7\u00e3o do Congresso Americano o m\u00eas de Outubro se tornou o m\u00eas nacional (americano) de preven\u00e7\u00e3o do c\u00e2ncer de mama.Hoje,\u00a0o movimento popular internacionalmente conhecido como Outubro Rosa \u00e9 comemorado em todo o mundo.<\/p>\n<p>( Fonte:\u00a0outubrorosa.org.br)<\/p>\n<p>No site da Prefeitura voc\u00ea encontra informa\u00e7\u00f5es sobre a Programa\u00e7\u00e3o do Outubro Rosa 2013 em Curitiba.\u00a0ACESSE:\u00a0<a href=\"http:\/\/www.curitiba.pr.gov.br\/outubrorosa\/\">http:\/\/www.curitiba.pr.gov.br\/outubrorosa\/<\/a><\/p>\n<p><a href=\"http:\/\/www.portalimoveiscuritiba.com.br\/blog\/wp-content\/uploads\/2013\/10\/OUTUB.jpg\"><img loading=\"lazy\" decoding=\"async\" class=\"aligncenter size-full wp-image-551\" alt=\"OUTUB\" src=\"http:\/\/www.portalimoveiscuritiba.com.br\/blog\/wp-content\/uploads\/2013\/10\/OUTUB.jpg\" width=\"600\" height=\"687\" srcset=\"https:\/\/portalimoveiscuritiba.com.br\/blog\/wp-content\/uploads\/2013\/10\/OUTUB.jpg 600w, https:\/\/portalimoveiscuritiba.com.br\/blog\/wp-content\/uploads\/2013\/10\/OUTUB-262x300.jpg 262w, https:\/\/portalimoveiscuritiba.com.br\/blog\/wp-content\/uploads\/2013\/10\/OUTUB-520x595.jpg 520w\" sizes=\"auto, (max-width: 600px) 100vw, 600px\" \/><\/a><\/p>\n","protected":false},"excerpt":{"rendered":"<p>\u00a0Compartilhe com seus amigos e fam\u00edlia, esse evento merece aten\u00e7\u00e3o. O nome remete \u00e0 cor do la\u00e7o rosa que simboliza, mundialmente, a luta contra o c\u00e2ncer de mama e estimula a participa\u00e7\u00e3o da popula\u00e7\u00e3o, empresas e entidades. Este movimento come\u00e7ou nos Estados Unidos, onde v\u00e1rios Estados tinham a\u00e7\u00f5es isoladas referente ao c\u00e2ncer de mama e &hellip;<\/p>\n","protected":false},"author":1,"featured_media":551,"comment_status":"open","ping_status":"open","sticky":false,"template":"","format":"standard","meta":{"footnotes":""},"categories":[16],"tags":[30,28,24,27,29],"class_list":["post-574","post","type-post","status-publish","format-standard","has-post-thumbnail","hentry","category-noticias","tag-imoveis-curitiba","tag-outubro","tag-outubro-rosa","tag-programacao","tag-rosa","entry","has-featured-image"],"_links":{"self":[{"href":"https:\/\/portalimoveiscuritiba.com.br\/blog\/wp-json\/wp\/v2\/posts\/574","targetHints":{"allow":["GET"]}}],"collection":[{"href":"https:\/\/portalimoveiscuritiba.com.br\/blog\/wp-json\/wp\/v2\/posts"}],"about":[{"href":"https:\/\/portalimoveiscuritiba.com.br\/blog\/wp-json\/wp\/v2\/types\/post"}],"author":[{"embeddable":true,"href":"https:\/\/portalimoveiscuritiba.com.br\/blog\/wp-json\/wp\/v2\/users\/1"}],"replies":[{"embeddable":true,"href":"https:\/\/portalimoveiscuritiba.com.br\/blog\/wp-json\/wp\/v2\/comments?post=574"}],"version-history":[{"count":2,"href":"https:\/\/portalimoveiscuritiba.com.br\/blog\/wp-json\/wp\/v2\/posts\/574\/revisions"}],"predecessor-version":[{"id":576,"href":"https:\/\/portalimoveiscuritiba.com.br\/blog\/wp-json\/wp\/v2\/posts\/574\/revisions\/576"}],"wp:featuredmedia":[{"embeddable":true,"href":"https:\/\/portalimoveiscuritiba.com.br\/blog\/wp-json\/wp\/v2\/media\/551"}],"wp:attachment":[{"href":"https:\/\/portalimoveiscuritiba.com.br\/blog\/wp-json\/wp\/v2\/media?parent=574"}],"wp:term":[{"taxonomy":"category","embeddable":true,"href":"https:\/\/portalimoveiscuritiba.com.br\/blog\/wp-json\/wp\/v2\/categories?post=574"},{"taxonomy":"post_tag","embeddable":true,"href":"https:\/\/portalimoveiscuritiba.com.br\/blog\/wp-json\/wp\/v2\/tags?post=574"}],"curies":[{"name":"wp","href":"https:\/\/api.w.org\/{rel}","templated":true}]}}