{"id":888,"date":"2020-11-17T09:32:15","date_gmt":"2020-11-17T12:32:15","guid":{"rendered":"https:\/\/portalimoveiscuritiba.com.br\/blog\/?p=888"},"modified":"2020-11-17T11:42:48","modified_gmt":"2020-11-17T14:42:48","slug":"curso-superior-de-tecnologia-em-gestao-imobiliaria","status":"publish","type":"post","link":"https:\/\/portalimoveiscuritiba.com.br\/blog\/2020\/11\/curso-superior-de-tecnologia-em-gestao-imobiliaria\/","title":{"rendered":"Curso Superior de Tecnologia em Gest\u00e3o Imobili\u00e1ria"},"content":{"rendered":"\n<figure class=\"wp-block-image is-resized\"><img loading=\"lazy\" decoding=\"async\" src=\"https:\/\/portalimoveiscuritiba.com.br\/blog\/wp-content\/uploads\/2020\/11\/vestibular-ufpr-2020-580x326.jpg\" alt=\"\" class=\"wp-image-889\" width=\"584\" height=\"328\" srcset=\"https:\/\/portalimoveiscuritiba.com.br\/blog\/wp-content\/uploads\/2020\/11\/vestibular-ufpr-2020-580x326.jpg 580w, https:\/\/portalimoveiscuritiba.com.br\/blog\/wp-content\/uploads\/2020\/11\/vestibular-ufpr-2020-580x326-300x169.jpg 300w, https:\/\/portalimoveiscuritiba.com.br\/blog\/wp-content\/uploads\/2020\/11\/vestibular-ufpr-2020-580x326-520x292.jpg 520w\" sizes=\"auto, (max-width: 584px) 100vw, 584px\" \/><\/figure>\n\n\n\n<p>Estude na&nbsp;<strong>UFPR Litoral<\/strong>&nbsp;(Campus Matinhos-PR) no Curso de&nbsp;<strong>Gest\u00e3o Imobili\u00e1ria<\/strong>, um Tecn\u00f3logo com 3 anos de dura\u00e7\u00e3o e experi\u00eancia de 12 anos na forma\u00e7\u00e3o de corretores preparados para conciliar os neg\u00f3cios imobili\u00e1rios com a preserva\u00e7\u00e3o ambiental e o desenvolvimento urbano. <\/p>\n\n\n\n<p>O N\u00facleo de Concursos (NC) da UFPR divulgou o edital do vestibular para 2020\/2021 da UFPR. O documento,&nbsp;<a href=\"http:\/\/portal.nc.ufpr.br\/PortalNC\/Concurso?concurso=PS2021\">dispon\u00edvel no portal do n\u00facleo<\/a>, define as normas para o ingresso dos novos estudantes de gradua\u00e7\u00e3o na universidade em 2021. <br>As inscri\u00e7\u00f5es iniciam no dia 03 de novembro e v\u00e3o at\u00e9 \u00e0s 12h do dia 18 de dezembro e devem ser feitas exclusivamente por meio do site do NC (www.nc.ufpr.br). Aconselha-se a n\u00e3o deixar a inscri\u00e7\u00e3o para os \u00faltimos dias e observar atentamente as regras do edital. <br><\/p>\n\n\n\n<figure class=\"wp-block-image is-resized\"><img loading=\"lazy\" decoding=\"async\" src=\"https:\/\/portalimoveiscuritiba.com.br\/blog\/wp-content\/uploads\/2020\/11\/ps2021-2.jpg\" alt=\"\" class=\"wp-image-892\" width=\"415\" height=\"178\" srcset=\"https:\/\/portalimoveiscuritiba.com.br\/blog\/wp-content\/uploads\/2020\/11\/ps2021-2.jpg 350w, https:\/\/portalimoveiscuritiba.com.br\/blog\/wp-content\/uploads\/2020\/11\/ps2021-2-300x129.jpg 300w\" sizes=\"auto, (max-width: 415px) 100vw, 415px\" \/><figcaption><a href=\"http:\/\/portal.nc.ufpr.br\/PortalNC\/Home\">Acesse o link e fa\u00e7a sua inscri\u00e7\u00e3o!!<\/a><br><\/figcaption><\/figure>\n\n\n\n<p>Fonte: UFPR<br><\/p>\n","protected":false},"excerpt":{"rendered":"<p>Estude na&nbsp;UFPR Litoral&nbsp;(Campus Matinhos-PR) no Curso de&nbsp;Gest\u00e3o Imobili\u00e1ria, um Tecn\u00f3logo com 3 anos de dura\u00e7\u00e3o e experi\u00eancia de 12 anos na forma\u00e7\u00e3o de corretores preparados para conciliar os neg\u00f3cios imobili\u00e1rios com a preserva\u00e7\u00e3o ambiental e o desenvolvimento urbano. O N\u00facleo de Concursos (NC) da UFPR divulgou o edital do vestibular para 2020\/2021 da UFPR. O &hellip;<\/p>\n","protected":false},"author":1,"featured_media":0,"comment_status":"closed","ping_status":"closed","sticky":false,"template":"","format":"standard","meta":{"footnotes":""},"categories":[157,6,18],"tags":[11],"class_list":["post-888","post","type-post","status-publish","format-standard","hentry","category-educacao","category-novidades","category-corretores","tag-imobiliarias","entry","has-featured-image"],"_links":{"self":[{"href":"https:\/\/portalimoveiscuritiba.com.br\/blog\/wp-json\/wp\/v2\/posts\/888","targetHints":{"allow":["GET"]}}],"collection":[{"href":"https:\/\/portalimoveiscuritiba.com.br\/blog\/wp-json\/wp\/v2\/posts"}],"about":[{"href":"https:\/\/portalimoveiscuritiba.com.br\/blog\/wp-json\/wp\/v2\/types\/post"}],"author":[{"embeddable":true,"href":"https:\/\/portalimoveiscuritiba.com.br\/blog\/wp-json\/wp\/v2\/users\/1"}],"replies":[{"embeddable":true,"href":"https:\/\/portalimoveiscuritiba.com.br\/blog\/wp-json\/wp\/v2\/comments?post=888"}],"version-history":[{"count":2,"href":"https:\/\/portalimoveiscuritiba.com.br\/blog\/wp-json\/wp\/v2\/posts\/888\/revisions"}],"predecessor-version":[{"id":894,"href":"https:\/\/portalimoveiscuritiba.com.br\/blog\/wp-json\/wp\/v2\/posts\/888\/revisions\/894"}],"wp:attachment":[{"href":"https:\/\/portalimoveiscuritiba.com.br\/blog\/wp-json\/wp\/v2\/media?parent=888"}],"wp:term":[{"taxonomy":"category","embeddable":true,"href":"https:\/\/portalimoveiscuritiba.com.br\/blog\/wp-json\/wp\/v2\/categories?post=888"},{"taxonomy":"post_tag","embeddable":true,"href":"https:\/\/portalimoveiscuritiba.com.br\/blog\/wp-json\/wp\/v2\/tags?post=888"}],"curies":[{"name":"wp","href":"https:\/\/api.w.org\/{rel}","templated":true}]}}