{"id":938,"date":"2021-04-01T17:49:57","date_gmt":"2021-04-01T20:49:57","guid":{"rendered":"https:\/\/portalimoveiscuritiba.com.br\/blog\/?p=938"},"modified":"2021-04-01T17:49:58","modified_gmt":"2021-04-01T20:49:58","slug":"parana-recebe-525-mil-doses-de-vacina-contra-a-covid-19-nesta-quinta","status":"publish","type":"post","link":"https:\/\/portalimoveiscuritiba.com.br\/blog\/2021\/04\/parana-recebe-525-mil-doses-de-vacina-contra-a-covid-19-nesta-quinta\/","title":{"rendered":"Paran\u00e1 recebe 525 mil doses de vacina contra a Covid-19 nesta quinta"},"content":{"rendered":"\n<figure class=\"wp-block-image is-resized\"><img loading=\"lazy\" decoding=\"async\" src=\"https:\/\/portalimoveiscuritiba.com.br\/blog\/wp-content\/uploads\/2021\/04\/shutterstock_1506051596-1.jpg\" alt=\"\" class=\"wp-image-940\" width=\"423\" height=\"281\" srcset=\"https:\/\/portalimoveiscuritiba.com.br\/blog\/wp-content\/uploads\/2021\/04\/shutterstock_1506051596-1.jpg 1000w, https:\/\/portalimoveiscuritiba.com.br\/blog\/wp-content\/uploads\/2021\/04\/shutterstock_1506051596-1-300x200.jpg 300w, https:\/\/portalimoveiscuritiba.com.br\/blog\/wp-content\/uploads\/2021\/04\/shutterstock_1506051596-1-768x511.jpg 768w, https:\/\/portalimoveiscuritiba.com.br\/blog\/wp-content\/uploads\/2021\/04\/shutterstock_1506051596-1-520x346.jpg 520w\" sizes=\"auto, (max-width: 423px) 100vw, 423px\" \/><\/figure>\n\n\n\n<p style=\"text-align:left\">O secret\u00e1rio da Sa\u00fade, Beto Preto, recebeu nesta manh\u00e3 de quarta-feira, 1\u00ba de abril, parte do carregamento das 525 mil doses de vacinas enviadas pelo Minist\u00e9rio da Sa\u00fade. As doses foram entregues no final desta manh\u00e3 no Centro de Medicamentos do Paran\u00e1, no bairro Jardim Bot\u00e2nico.\u00a0De acordo com o secret\u00e1rio, 515 mil dessas doses ser\u00e3o destinadas a segunda dose da vacina para completar a imuniza\u00e7\u00e3o dos vacinados.<\/p>\n\n\n\n<p>Outra parte deve ser destinada aos trabalhadores da seguran\u00e7a p\u00fablica do Estado, conforme ressaltou o secret\u00e1rio de Seguran\u00e7a P\u00fablica, o coronel Romulo Marinho Soares, presente \u00e0 entrega das doses.<br><br> No Paran\u00e1, 1.083.289 idosos e profissionais de sa\u00fade j\u00e1 receberam a primeira dose da vacina contra a Covid-19 e 231.749 receberam a segunda dose. Em Curitiba, 219.326 pessoas foram imunizadas com a primeira dose e 48.778 j\u00e1 receberam a segunda tamb\u00e9m, segundo dados da Secretaria de Estado de Sa\u00fade do Paran\u00e1.\u00a0 <br><br>O que fazer para vacinar?<br>Para idosos n\u00e3o \u00e9 necess\u00e1rio agendamento, mas a Secretaria Municipal da Sa\u00fade (SMS) orienta que fa\u00e7am o cadastro na plataforma Sa\u00fade J\u00e1 para agilizar a imuniza\u00e7\u00e3o. O cadastro pode ser feito pelo site www.saudeja.curitiba.pr.gov.br ou pelo aplicativo do celular (que pode ser baixado nas lojas virtuais para Android e iOS). <br><br>Outra recomenda\u00e7\u00e3o \u00e9 para que os idosos estejam acompanhados. Eles devem apresentar documento de identifica\u00e7\u00e3o com foto, CPF e comprovante de resid\u00eancia com endere\u00e7o de Curitiba para quem n\u00e3o tiver cadastro na plataforma Sa\u00fade J\u00e1. <br><br>Fonte: Bem Paran\u00e1.<\/p>\n","protected":false},"excerpt":{"rendered":"<p>O secret\u00e1rio da Sa\u00fade, Beto Preto, recebeu nesta manh\u00e3 de quarta-feira, 1\u00ba de abril, parte do carregamento das 525 mil doses de vacinas enviadas pelo Minist\u00e9rio da Sa\u00fade. As doses foram entregues no final desta manh\u00e3 no Centro de Medicamentos do Paran\u00e1, no bairro Jardim Bot\u00e2nico.\u00a0De acordo com o secret\u00e1rio, 515 mil dessas doses ser\u00e3o &hellip;<\/p>\n","protected":false},"author":1,"featured_media":0,"comment_status":"closed","ping_status":"closed","sticky":false,"template":"","format":"standard","meta":{"footnotes":""},"categories":[1],"tags":[],"class_list":["post-938","post","type-post","status-publish","format-standard","hentry","category-sem-categoria","entry","has-featured-image"],"_links":{"self":[{"href":"https:\/\/portalimoveiscuritiba.com.br\/blog\/wp-json\/wp\/v2\/posts\/938","targetHints":{"allow":["GET"]}}],"collection":[{"href":"https:\/\/portalimoveiscuritiba.com.br\/blog\/wp-json\/wp\/v2\/posts"}],"about":[{"href":"https:\/\/portalimoveiscuritiba.com.br\/blog\/wp-json\/wp\/v2\/types\/post"}],"author":[{"embeddable":true,"href":"https:\/\/portalimoveiscuritiba.com.br\/blog\/wp-json\/wp\/v2\/users\/1"}],"replies":[{"embeddable":true,"href":"https:\/\/portalimoveiscuritiba.com.br\/blog\/wp-json\/wp\/v2\/comments?post=938"}],"version-history":[{"count":2,"href":"https:\/\/portalimoveiscuritiba.com.br\/blog\/wp-json\/wp\/v2\/posts\/938\/revisions"}],"predecessor-version":[{"id":942,"href":"https:\/\/portalimoveiscuritiba.com.br\/blog\/wp-json\/wp\/v2\/posts\/938\/revisions\/942"}],"wp:attachment":[{"href":"https:\/\/portalimoveiscuritiba.com.br\/blog\/wp-json\/wp\/v2\/media?parent=938"}],"wp:term":[{"taxonomy":"category","embeddable":true,"href":"https:\/\/portalimoveiscuritiba.com.br\/blog\/wp-json\/wp\/v2\/categories?post=938"},{"taxonomy":"post_tag","embeddable":true,"href":"https:\/\/portalimoveiscuritiba.com.br\/blog\/wp-json\/wp\/v2\/tags?post=938"}],"curies":[{"name":"wp","href":"https:\/\/api.w.org\/{rel}","templated":true}]}}