{"id":944,"date":"2021-06-29T15:25:26","date_gmt":"2021-06-29T18:25:26","guid":{"rendered":"https:\/\/portalimoveiscuritiba.com.br\/blog\/?p=944"},"modified":"2021-06-29T15:56:14","modified_gmt":"2021-06-29T18:56:14","slug":"eleicao-cofeci-creci-dia-07-de-julho","status":"publish","type":"post","link":"https:\/\/portalimoveiscuritiba.com.br\/blog\/2021\/06\/eleicao-cofeci-creci-dia-07-de-julho\/","title":{"rendered":"Elei\u00e7\u00e3o Cofeci-Creci dia 07 de julho."},"content":{"rendered":"\n<figure class=\"wp-block-image is-resized\"><img loading=\"lazy\" decoding=\"async\" src=\"https:\/\/portalimoveiscuritiba.com.br\/blog\/wp-content\/uploads\/2021\/06\/vote-1.jpg\" alt=\"\" class=\"wp-image-1002\" width=\"356\" height=\"356\" srcset=\"https:\/\/portalimoveiscuritiba.com.br\/blog\/wp-content\/uploads\/2021\/06\/vote-1.jpg 626w, https:\/\/portalimoveiscuritiba.com.br\/blog\/wp-content\/uploads\/2021\/06\/vote-1-150x150.jpg 150w, https:\/\/portalimoveiscuritiba.com.br\/blog\/wp-content\/uploads\/2021\/06\/vote-1-300x300.jpg 300w, https:\/\/portalimoveiscuritiba.com.br\/blog\/wp-content\/uploads\/2021\/06\/vote-1-52x52.jpg 52w, https:\/\/portalimoveiscuritiba.com.br\/blog\/wp-content\/uploads\/2021\/06\/vote-1-111x111.jpg 111w, https:\/\/portalimoveiscuritiba.com.br\/blog\/wp-content\/uploads\/2021\/06\/vote-1-72x72.jpg 72w, https:\/\/portalimoveiscuritiba.com.br\/blog\/wp-content\/uploads\/2021\/06\/vote-1-520x520.jpg 520w\" sizes=\"auto, (max-width: 356px) 100vw, 356px\" \/><\/figure>\n\n\n\n<p style=\"font-size:22px;text-align:left\">Corretores, no dia <strong>07 de julho<\/strong> acontecer\u00e1 a vota\u00e7\u00e3o para a<strong> escolha de Conselheiros para os Conselhos Regionais de Corretores de Im\u00f3veis<\/strong>. A elei\u00e7\u00e3o ser\u00e1<strong> <em>online<\/em><\/strong>, evitando aglomera\u00e7\u00f5es, devido ao per\u00edodo de pandemia. <br>Portanto, todos os Corretores<strong> receber\u00e3o por e-mail uma senha individual<\/strong> que ser\u00e1 utilizada<em> <\/em>para acessar a plataforma online <a href=\"http:\/\/www.votacreci.com.br\/\">www.votacreci.com.br<\/a>  e registrar o voto, na data da elei\u00e7\u00e3o.<br><br>Para receber o c\u00f3digo de acesso e participar da vota\u00e7\u00e3o \u00e9 necess\u00e1rio estar com o&nbsp;<strong>e-mail e todos os seus dados cadastrais atualizados<\/strong> perante ao CRECI-ES.<br> Caso ainda n\u00e3o tenha atualizado o seu cadastro, entre em sua \u00e1rea restrita e atualize:<strong>&nbsp;<\/strong><br><a href=\"https:\/\/area-restrita.crecies.gov.br\/\">https:\/\/area-restrita.crecies.gov.br\/<\/a>     <\/p>\n\n\n\n<h3 class=\"wp-block-heading\" style=\"text-align:left\">Requisitos para participar da elei\u00e7\u00e3o:<\/h3>\n\n\n\n<ul class=\"wp-block-list\"><li>Tenha inscri\u00e7\u00e3o principal no CRECI-ES homologada e com n\u00famero de inscri\u00e7\u00e3o lan\u00e7ada no sistema at\u00e9 30 dias antes da elei\u00e7\u00e3o;<\/li><\/ul>\n\n\n\n<ul class=\"wp-block-list\"><li> Esteja com a inscri\u00e7\u00e3o ativa e em dia com suas obriga\u00e7\u00f5es financeiras de qualquer natureza para com o CRECI, at\u00e9 a anuidade do exerc\u00edcio de 2020. <\/li><\/ul>\n\n\n\n<p style=\"font-size:22px\"><strong>Aten\u00e7\u00e3o:<\/strong> O voto \u00e9\u00a0<strong>obrigat\u00f3rio<\/strong>\u00a0e o profissional que deixar de votar estar\u00e1 sujeito a multa em valor equivalente de at\u00e9\u00a0uma anuidade do ano da realiza\u00e7\u00e3o da elei\u00e7\u00e3o, corrigida at\u00e9 o dia do efetivo pagamento. O voto tamb\u00e9m \u00e9 facultativo \u00a0ao inscrito que tenha completado\u00a070 (setenta) anos de idade\u00a0at\u00e9 a data da vota\u00e7\u00e3o.<br><\/p>\n\n\n\n<p class=\"has-medium-font-size\"><strong>Para mais informa\u00e7\u00f5es contate o atendimento virtual do CRECI pelo e-mail\u00a0secretaria@crecies.gov.br\u00a0<\/strong><br><strong>ou no telefone da Sede 27-33140066 <\/strong><br><br><br><br><em>Fonte: Izabel Mendon\u00e7a <\/em><br><em>Site: crecies.gov.br<\/em><\/p>\n","protected":false},"excerpt":{"rendered":"<p>Corretores, no dia 07 de julho acontecer\u00e1 a vota\u00e7\u00e3o para a escolha de Conselheiros para os Conselhos Regionais de Corretores de Im\u00f3veis. A elei\u00e7\u00e3o ser\u00e1 online, evitando aglomera\u00e7\u00f5es, devido ao per\u00edodo de pandemia. Portanto, todos os Corretores receber\u00e3o por e-mail uma senha individual que ser\u00e1 utilizada para acessar a plataforma online www.votacreci.com.br e registrar o &hellip;<\/p>\n","protected":false},"author":1,"featured_media":0,"comment_status":"closed","ping_status":"closed","sticky":false,"template":"","format":"standard","meta":{"footnotes":""},"categories":[16,18,1],"tags":[95],"class_list":["post-944","post","type-post","status-publish","format-standard","hentry","category-noticias","category-corretores","category-sem-categoria","tag-corretores-2","entry","has-featured-image"],"_links":{"self":[{"href":"https:\/\/portalimoveiscuritiba.com.br\/blog\/wp-json\/wp\/v2\/posts\/944","targetHints":{"allow":["GET"]}}],"collection":[{"href":"https:\/\/portalimoveiscuritiba.com.br\/blog\/wp-json\/wp\/v2\/posts"}],"about":[{"href":"https:\/\/portalimoveiscuritiba.com.br\/blog\/wp-json\/wp\/v2\/types\/post"}],"author":[{"embeddable":true,"href":"https:\/\/portalimoveiscuritiba.com.br\/blog\/wp-json\/wp\/v2\/users\/1"}],"replies":[{"embeddable":true,"href":"https:\/\/portalimoveiscuritiba.com.br\/blog\/wp-json\/wp\/v2\/comments?post=944"}],"version-history":[{"count":56,"href":"https:\/\/portalimoveiscuritiba.com.br\/blog\/wp-json\/wp\/v2\/posts\/944\/revisions"}],"predecessor-version":[{"id":1005,"href":"https:\/\/portalimoveiscuritiba.com.br\/blog\/wp-json\/wp\/v2\/posts\/944\/revisions\/1005"}],"wp:attachment":[{"href":"https:\/\/portalimoveiscuritiba.com.br\/blog\/wp-json\/wp\/v2\/media?parent=944"}],"wp:term":[{"taxonomy":"category","embeddable":true,"href":"https:\/\/portalimoveiscuritiba.com.br\/blog\/wp-json\/wp\/v2\/categories?post=944"},{"taxonomy":"post_tag","embeddable":true,"href":"https:\/\/portalimoveiscuritiba.com.br\/blog\/wp-json\/wp\/v2\/tags?post=944"}],"curies":[{"name":"wp","href":"https:\/\/api.w.org\/{rel}","templated":true}]}}